{"id":857,"date":"2017-02-07T23:12:22","date_gmt":"2017-02-07T22:12:22","guid":{"rendered":"https:\/\/mathematicum.univ-pau.fr\/site\/?p=857"},"modified":"2025-12-01T21:09:10","modified_gmt":"2025-12-01T20:09:10","slug":"math-en-jeans-ateliers-du-college-jean-rostand-et-victor-duruy-de-mont-de-marsan-2","status":"publish","type":"post","link":"https:\/\/mathematicum.univ-pau.fr\/site\/math-en-jeans-ateliers-du-college-jean-rostand-et-victor-duruy-de-mont-de-marsan-2\/","title":{"rendered":"Math en Jeans &#8211; Ateliers du coll\u00e8ge Jean Rostand et Victor Duruy de Mont de Marsan"},"content":{"rendered":"<p style=\"text-align: justify;\">Rencontre pour l&rsquo;atelier Math en Jeans des coll\u00e8ges Jean Rostand (14 \u00e9l\u00e8ves de 3e) et Victor Duruy (12 \u00e9l\u00e8ves de 3e) de Mont de Marsan encadr\u00e9 par Mr S\u00e9bastien Albouy et Mmd Celine Albouy.<\/p>\n<p style=\"text-align: justify;\">Th\u00e8me de l&rsquo;atelier : \u00e9l\u00e9ments de g\u00e9om\u00e9trie du monde v\u00e9g\u00e9tal.<\/p>\n","protected":false},"excerpt":{"rendered":"<p>Rencontre pour l&rsquo;atelier Math en Jeans des coll\u00e8ges Jean Rostand (14 \u00e9l\u00e8ves de 3e) et Victor Duruy (12 \u00e9l\u00e8ves de 3e) de Mont de Marsan encadr\u00e9 par Mr S\u00e9bastien Albouy et Mmd Celine Albouy. Th\u00e8me de l&rsquo;atelier : \u00e9l\u00e9ments de g\u00e9om\u00e9trie du monde v\u00e9g\u00e9tal.<\/p>\n","protected":false},"author":3,"featured_media":0,"comment_status":"closed","ping_status":"closed","sticky":false,"template":"","format":"standard","meta":{"_acf_changed":false,"footnotes":""},"categories":[8,37],"tags":[],"class_list":["post-857","post","type-post","status-publish","format-standard","hentry","category-ateliers","category-toutes-categories"],"acf":[],"_links":{"self":[{"href":"https:\/\/mathematicum.univ-pau.fr\/site\/wp-json\/wp\/v2\/posts\/857","targetHints":{"allow":["GET"]}}],"collection":[{"href":"https:\/\/mathematicum.univ-pau.fr\/site\/wp-json\/wp\/v2\/posts"}],"about":[{"href":"https:\/\/mathematicum.univ-pau.fr\/site\/wp-json\/wp\/v2\/types\/post"}],"author":[{"embeddable":true,"href":"https:\/\/mathematicum.univ-pau.fr\/site\/wp-json\/wp\/v2\/users\/3"}],"replies":[{"embeddable":true,"href":"https:\/\/mathematicum.univ-pau.fr\/site\/wp-json\/wp\/v2\/comments?post=857"}],"version-history":[{"count":1,"href":"https:\/\/mathematicum.univ-pau.fr\/site\/wp-json\/wp\/v2\/posts\/857\/revisions"}],"predecessor-version":[{"id":858,"href":"https:\/\/mathematicum.univ-pau.fr\/site\/wp-json\/wp\/v2\/posts\/857\/revisions\/858"}],"wp:attachment":[{"href":"https:\/\/mathematicum.univ-pau.fr\/site\/wp-json\/wp\/v2\/media?parent=857"}],"wp:term":[{"taxonomy":"category","embeddable":true,"href":"https:\/\/mathematicum.univ-pau.fr\/site\/wp-json\/wp\/v2\/categories?post=857"},{"taxonomy":"post_tag","embeddable":true,"href":"https:\/\/mathematicum.univ-pau.fr\/site\/wp-json\/wp\/v2\/tags?post=857"}],"curies":[{"name":"wp","href":"https:\/\/api.w.org\/{rel}","templated":true}]}}