{"id":848,"date":"2016-12-15T22:45:00","date_gmt":"2016-12-15T21:45:00","guid":{"rendered":"https:\/\/mathematicum.univ-pau.fr\/site\/?p=848"},"modified":"2025-12-01T21:09:42","modified_gmt":"2025-12-01T20:09:42","slug":"remise-du-prix-departemental-du-concours-daffiche-2016-pour-la-semaine-des-mathematiques-college-clermont-de-pau","status":"publish","type":"post","link":"https:\/\/mathematicum.univ-pau.fr\/site\/remise-du-prix-departemental-du-concours-daffiche-2016-pour-la-semaine-des-mathematiques-college-clermont-de-pau\/","title":{"rendered":"Remise du prix d\u00e9partemental du concours d&rsquo;affiche 2016 pour la semaine des math\u00e9matiques &#8211; Coll\u00e8ge Clermont de Pau"},"content":{"rendered":"<p style=\"text-align: justify;\">Remise du prix d\u00e9partemental du concours d&rsquo;affiche 2016 pour la semaine des math\u00e9matiques aux 5 \u00e9l\u00e8ves de 5e de la classe de Md Blandine Laborde du coll\u00e8ge Clermont de Pau.<\/p>\n<p><img loading=\"lazy\" decoding=\"async\" class=\"alignnone size-medium wp-image-849\" src=\"https:\/\/mathematicum.univ-pau.fr\/site\/wp-content\/uploads\/2017\/04\/affiche-32-724x1024-212x300.jpg\" alt=\"\" width=\"212\" height=\"300\" srcset=\"https:\/\/mathematicum.univ-pau.fr\/site\/wp-content\/uploads\/2017\/04\/affiche-32-724x1024-212x300.jpg 212w, https:\/\/mathematicum.univ-pau.fr\/site\/wp-content\/uploads\/2017\/04\/affiche-32-724x1024-106x150.jpg 106w, https:\/\/mathematicum.univ-pau.fr\/site\/wp-content\/uploads\/2017\/04\/affiche-32-724x1024.jpg 724w, https:\/\/mathematicum.univ-pau.fr\/site\/wp-content\/uploads\/2017\/04\/affiche-32-724x1024-624x883.jpg 624w\" sizes=\"auto, (max-width: 212px) 100vw, 212px\" \/><\/p>\n<p>Toutes nos f\u00e9licitations aux \u00e9l\u00e8ves et \u00e0 leur professeure Mr Laborde.<\/p>\n<p>Plus de renseignements sur le concours 2016 sur la page de l&rsquo;acad\u00e9mie de Bordeaux:<\/p>\n<blockquote class=\"wp-embedded-content\" data-secret=\"yiF0Oe3qT7\"><p><a href=\"https:\/\/ent2d.ac-bordeaux.fr\/disciplines\/semaine-des-maths\/2016\/02\/13\/concours-affiche-2016-resultats\/\">Les gagnants du Concours d&#8217;affiche 2016<\/a><\/p><\/blockquote>\n<p><iframe loading=\"lazy\" class=\"wp-embedded-content\" sandbox=\"allow-scripts\" security=\"restricted\" style=\"position: absolute; visibility: hidden;\" title=\"\u00ab\u00a0Les gagnants du Concours d&#8217;affiche 2016\u00a0\u00bb &#8212; Semaine des maths - Acad\u00e9mie de Bordeaux\" src=\"https:\/\/ent2d.ac-bordeaux.fr\/disciplines\/semaine-des-maths\/2016\/02\/13\/concours-affiche-2016-resultats\/embed\/#?secret=fNoHEEa6qO#?secret=yiF0Oe3qT7\" data-secret=\"yiF0Oe3qT7\" width=\"600\" height=\"338\" frameborder=\"0\" marginwidth=\"0\" marginheight=\"0\" scrolling=\"no\"><\/iframe><\/p>\n<p>&nbsp;<\/p>\n","protected":false},"excerpt":{"rendered":"<p>Remise du prix d\u00e9partemental du concours d&rsquo;affiche 2016 pour la semaine des math\u00e9matiques aux 5 \u00e9l\u00e8ves de 5e de la classe de Md Blandine Laborde du coll\u00e8ge Clermont de Pau. Toutes nos f\u00e9licitations aux \u00e9l\u00e8ves et \u00e0 leur professeure Mr Laborde. Plus de renseignements sur le concours 2016 sur la page de l&rsquo;acad\u00e9mie de Bordeaux: [&hellip;]<\/p>\n","protected":false},"author":3,"featured_media":0,"comment_status":"closed","ping_status":"closed","sticky":false,"template":"","format":"standard","meta":{"_acf_changed":false,"footnotes":""},"categories":[37],"tags":[],"class_list":["post-848","post","type-post","status-publish","format-standard","hentry","category-toutes-categories"],"acf":[],"_links":{"self":[{"href":"https:\/\/mathematicum.univ-pau.fr\/site\/wp-json\/wp\/v2\/posts\/848","targetHints":{"allow":["GET"]}}],"collection":[{"href":"https:\/\/mathematicum.univ-pau.fr\/site\/wp-json\/wp\/v2\/posts"}],"about":[{"href":"https:\/\/mathematicum.univ-pau.fr\/site\/wp-json\/wp\/v2\/types\/post"}],"author":[{"embeddable":true,"href":"https:\/\/mathematicum.univ-pau.fr\/site\/wp-json\/wp\/v2\/users\/3"}],"replies":[{"embeddable":true,"href":"https:\/\/mathematicum.univ-pau.fr\/site\/wp-json\/wp\/v2\/comments?post=848"}],"version-history":[{"count":2,"href":"https:\/\/mathematicum.univ-pau.fr\/site\/wp-json\/wp\/v2\/posts\/848\/revisions"}],"predecessor-version":[{"id":851,"href":"https:\/\/mathematicum.univ-pau.fr\/site\/wp-json\/wp\/v2\/posts\/848\/revisions\/851"}],"wp:attachment":[{"href":"https:\/\/mathematicum.univ-pau.fr\/site\/wp-json\/wp\/v2\/media?parent=848"}],"wp:term":[{"taxonomy":"category","embeddable":true,"href":"https:\/\/mathematicum.univ-pau.fr\/site\/wp-json\/wp\/v2\/categories?post=848"},{"taxonomy":"post_tag","embeddable":true,"href":"https:\/\/mathematicum.univ-pau.fr\/site\/wp-json\/wp\/v2\/tags?post=848"}],"curies":[{"name":"wp","href":"https:\/\/api.w.org\/{rel}","templated":true}]}}