{"id":837,"date":"2016-12-05T21:59:43","date_gmt":"2016-12-05T20:59:43","guid":{"rendered":"https:\/\/mathematicum.univ-pau.fr\/site\/?p=837"},"modified":"2025-12-01T21:09:57","modified_gmt":"2025-12-01T20:09:57","slug":"ecole-publique-marca-de-pau-ce2-cm1-decouverte-des-fractales","status":"publish","type":"post","link":"https:\/\/mathematicum.univ-pau.fr\/site\/ecole-publique-marca-de-pau-ce2-cm1-decouverte-des-fractales\/","title":{"rendered":"Ecole publique Marca de Pau &#8211; CE2-CM1- D\u00e9couverte des fractales"},"content":{"rendered":"<p>Intervention dans la classe de CE2-CM1 (23 \u00e9l\u00e8ves) de Mme Fabienne Tr\u00e9moulet autour des formes g\u00e9om\u00e9triques dans la nature et des fractales. Dessins de plusieurs fractales.<\/p>\n","protected":false},"excerpt":{"rendered":"<p>Intervention dans la classe de CE2-CM1 (23 \u00e9l\u00e8ves) de Mme Fabienne Tr\u00e9moulet autour des formes g\u00e9om\u00e9triques dans la nature et des fractales. Dessins de plusieurs fractales.<\/p>\n","protected":false},"author":3,"featured_media":0,"comment_status":"closed","ping_status":"closed","sticky":false,"template":"","format":"standard","meta":{"_acf_changed":false,"footnotes":""},"categories":[8,37],"tags":[],"class_list":["post-837","post","type-post","status-publish","format-standard","hentry","category-ateliers","category-toutes-categories"],"acf":[],"_links":{"self":[{"href":"https:\/\/mathematicum.univ-pau.fr\/site\/wp-json\/wp\/v2\/posts\/837","targetHints":{"allow":["GET"]}}],"collection":[{"href":"https:\/\/mathematicum.univ-pau.fr\/site\/wp-json\/wp\/v2\/posts"}],"about":[{"href":"https:\/\/mathematicum.univ-pau.fr\/site\/wp-json\/wp\/v2\/types\/post"}],"author":[{"embeddable":true,"href":"https:\/\/mathematicum.univ-pau.fr\/site\/wp-json\/wp\/v2\/users\/3"}],"replies":[{"embeddable":true,"href":"https:\/\/mathematicum.univ-pau.fr\/site\/wp-json\/wp\/v2\/comments?post=837"}],"version-history":[{"count":2,"href":"https:\/\/mathematicum.univ-pau.fr\/site\/wp-json\/wp\/v2\/posts\/837\/revisions"}],"predecessor-version":[{"id":904,"href":"https:\/\/mathematicum.univ-pau.fr\/site\/wp-json\/wp\/v2\/posts\/837\/revisions\/904"}],"wp:attachment":[{"href":"https:\/\/mathematicum.univ-pau.fr\/site\/wp-json\/wp\/v2\/media?parent=837"}],"wp:term":[{"taxonomy":"category","embeddable":true,"href":"https:\/\/mathematicum.univ-pau.fr\/site\/wp-json\/wp\/v2\/categories?post=837"},{"taxonomy":"post_tag","embeddable":true,"href":"https:\/\/mathematicum.univ-pau.fr\/site\/wp-json\/wp\/v2\/tags?post=837"}],"curies":[{"name":"wp","href":"https:\/\/api.w.org\/{rel}","templated":true}]}}