{"id":776,"date":"2017-03-16T18:15:42","date_gmt":"2017-03-16T17:15:42","guid":{"rendered":"http:\/\/mathematicum.univ-pau.fr\/site\/?p=776"},"modified":"2025-12-01T21:08:47","modified_gmt":"2025-12-01T20:08:47","slug":"les-fractales-ou-la-geometrie-dans-la-nature","status":"publish","type":"post","link":"https:\/\/mathematicum.univ-pau.fr\/site\/les-fractales-ou-la-geometrie-dans-la-nature\/","title":{"rendered":"Les fractales ou la g\u00e9om\u00e9trie dans la nature"},"content":{"rendered":"<div id=\"attachment_130\" style=\"width: 181px\" class=\"wp-caption alignright\"><a href=\"http:\/\/mathematicum.univ-pau.fr\/site\/wp-content\/uploads\/2015\/03\/IMG_0375.jpeg\"><img loading=\"lazy\" decoding=\"async\" aria-describedby=\"caption-attachment-130\" class=\" wp-image-130\" src=\"http:\/\/mathematicum.univ-pau.fr\/site\/wp-content\/uploads\/2015\/03\/IMG_0375.jpeg\" alt=\"\" width=\"171\" height=\"228\" srcset=\"https:\/\/mathematicum.univ-pau.fr\/site\/wp-content\/uploads\/2015\/03\/IMG_0375.jpeg 480w, https:\/\/mathematicum.univ-pau.fr\/site\/wp-content\/uploads\/2015\/03\/IMG_0375-225x300.jpeg 225w\" sizes=\"auto, (max-width: 171px) 100vw, 171px\" \/><\/a><p id=\"caption-attachment-130\" class=\"wp-caption-text\">Jacky Cresson<\/p><\/div>\n<p>Conf\u00e9rence de <strong>Jacky Cresson<\/strong>, Professeur des Universit\u00e9s, math\u00e9maticien \u00e0 l&rsquo;UPPA. Organis\u00e9 par le Mathematicum de l&rsquo;Universit\u00e9 de Pau et des Pays de l&rsquo;Adour, dans le cadre de la\u00a0<a href=\"http:\/\/mathematicum.univ-pau.fr\/site\/semaine-des-mathematiques-2017\/\">Semaine des Math\u00e9matiques<\/a>.<!--more--><\/p>\n<p>Deux dates :<\/p>\n<p><strong>Jeudi\u00a016 mars, 18h15<\/strong> :\u00a0M\u00e9diath\u00e8que Andr\u00e9 Labarr\u00e8re, 8 place Marguerite Laborde, 64000 Pau <span style=\"color: #993366;\">*<\/span><\/p>\n<p><strong>Vendredi 17 mars, 20h30<\/strong> :\u00a0CIAP, rue de l&rsquo;intendant d&rsquo;Etigny, 64400 Oloron-Sainte-Marie<\/p>\n<p>Gratuit, tout public, dans la limite des places disponibles<\/p>\n<p><span style=\"color: #993366;\">*<\/span> Conf\u00e9rence en parall\u00e8le de l&rsquo;exposition <a href=\"http:\/\/mathematicum.univ-pau.fr\/site\/les-formes-geometriques-dans-la-nature-exposition\/\"><em>Les formes g\u00e9om\u00e9triques dans la Nature<\/em><\/a>. et de l&rsquo;atelier <a href=\"http:\/\/mathematicum.univ-pau.fr\/site\/des-fractales-a-fabriquer\/\"><em>Des fractales \u00e0 fabriquer<\/em><\/a>.<\/p>\n","protected":false},"excerpt":{"rendered":"<p>Conf\u00e9rence de Jacky Cresson, Professeur des Universit\u00e9s, math\u00e9maticien \u00e0 l&rsquo;UPPA. Organis\u00e9 par le Mathematicum de l&rsquo;Universit\u00e9 de Pau et des Pays de l&rsquo;Adour, dans le cadre de la\u00a0Semaine des Math\u00e9matiques.<\/p>\n","protected":false},"author":1,"featured_media":0,"comment_status":"closed","ping_status":"closed","sticky":false,"template":"","format":"standard","meta":{"_acf_changed":false,"footnotes":""},"categories":[9,37],"tags":[59,46,47,25],"class_list":["post-776","post","type-post","status-publish","format-standard","hentry","category-exposes","category-toutes-categories","tag-fractales","tag-geometrie","tag-nature","tag-semaine-des-mathematiques"],"acf":[],"_links":{"self":[{"href":"https:\/\/mathematicum.univ-pau.fr\/site\/wp-json\/wp\/v2\/posts\/776","targetHints":{"allow":["GET"]}}],"collection":[{"href":"https:\/\/mathematicum.univ-pau.fr\/site\/wp-json\/wp\/v2\/posts"}],"about":[{"href":"https:\/\/mathematicum.univ-pau.fr\/site\/wp-json\/wp\/v2\/types\/post"}],"author":[{"embeddable":true,"href":"https:\/\/mathematicum.univ-pau.fr\/site\/wp-json\/wp\/v2\/users\/1"}],"replies":[{"embeddable":true,"href":"https:\/\/mathematicum.univ-pau.fr\/site\/wp-json\/wp\/v2\/comments?post=776"}],"version-history":[{"count":9,"href":"https:\/\/mathematicum.univ-pau.fr\/site\/wp-json\/wp\/v2\/posts\/776\/revisions"}],"predecessor-version":[{"id":1078,"href":"https:\/\/mathematicum.univ-pau.fr\/site\/wp-json\/wp\/v2\/posts\/776\/revisions\/1078"}],"wp:attachment":[{"href":"https:\/\/mathematicum.univ-pau.fr\/site\/wp-json\/wp\/v2\/media?parent=776"}],"wp:term":[{"taxonomy":"category","embeddable":true,"href":"https:\/\/mathematicum.univ-pau.fr\/site\/wp-json\/wp\/v2\/categories?post=776"},{"taxonomy":"post_tag","embeddable":true,"href":"https:\/\/mathematicum.univ-pau.fr\/site\/wp-json\/wp\/v2\/tags?post=776"}],"curies":[{"name":"wp","href":"https:\/\/api.w.org\/{rel}","templated":true}]}}