{"id":710,"date":"2016-10-03T13:30:55","date_gmt":"2016-10-03T11:30:55","guid":{"rendered":"http:\/\/mathematicum.univ-pau.fr\/site\/?p=710"},"modified":"2025-12-01T21:10:12","modified_gmt":"2025-12-01T20:10:12","slug":"mej-2017-lycee-barthou-et-st-john-perse-de-pau","status":"publish","type":"post","link":"https:\/\/mathematicum.univ-pau.fr\/site\/mej-2017-lycee-barthou-et-st-john-perse-de-pau\/","title":{"rendered":"MeJ 2017-Lyc\u00e9e Barthou et St John Perse de Pau"},"content":{"rendered":"<p><img loading=\"lazy\" decoding=\"async\" class=\"alignright wp-image-167\" src=\"http:\/\/mathematicum.univ-pau.fr\/site\/wp-content\/uploads\/2015\/12\/mej-300x192.jpg\" alt=\"MATh.en.JEANS\" width=\"170\" height=\"109\" srcset=\"https:\/\/mathematicum.univ-pau.fr\/site\/wp-content\/uploads\/2015\/12\/mej-300x192.jpg 300w, https:\/\/mathematicum.univ-pau.fr\/site\/wp-content\/uploads\/2015\/12\/mej.jpg 338w\" sizes=\"auto, (max-width: 170px) 100vw, 170px\" \/>R\u00e9union de pr\u00e9sentation des sujets pour les ateliers MeJ 2017 ancadr\u00e9s par Pierre Bourumeau et Francois Abadie du lyc\u00e9e Barthou et Claire Dumon du lyc\u00e9e Saint-John Perse de Pau. Cette ann\u00e9e les th\u00e8mes retenus sont :<\/p>\n<ul>\n<li>Les oscillateurs et la synchronisation : dynamique des rotations.<\/li>\n<li>Le th\u00e9or\u00e8me du Futurama<\/li>\n<\/ul>\n<p>&nbsp;<\/p>\n<p>&nbsp;<\/p>\n<p>&nbsp;<\/p>\n","protected":false},"excerpt":{"rendered":"<p>R\u00e9union de pr\u00e9sentation des sujets pour les ateliers MeJ 2017 ancadr\u00e9s par Pierre Bourumeau et Francois Abadie du lyc\u00e9e Barthou et Claire Dumon du lyc\u00e9e Saint-John Perse de Pau. Cette ann\u00e9e les th\u00e8mes retenus sont : Les oscillateurs et la synchronisation : dynamique des rotations. Le th\u00e9or\u00e8me du Futurama &nbsp; &nbsp; &nbsp;<\/p>\n","protected":false},"author":3,"featured_media":0,"comment_status":"closed","ping_status":"closed","sticky":false,"template":"","format":"standard","meta":{"_acf_changed":false,"footnotes":""},"categories":[8,37],"tags":[58],"class_list":["post-710","post","type-post","status-publish","format-standard","hentry","category-ateliers","category-toutes-categories","tag-math-en-jeans"],"acf":[],"_links":{"self":[{"href":"https:\/\/mathematicum.univ-pau.fr\/site\/wp-json\/wp\/v2\/posts\/710","targetHints":{"allow":["GET"]}}],"collection":[{"href":"https:\/\/mathematicum.univ-pau.fr\/site\/wp-json\/wp\/v2\/posts"}],"about":[{"href":"https:\/\/mathematicum.univ-pau.fr\/site\/wp-json\/wp\/v2\/types\/post"}],"author":[{"embeddable":true,"href":"https:\/\/mathematicum.univ-pau.fr\/site\/wp-json\/wp\/v2\/users\/3"}],"replies":[{"embeddable":true,"href":"https:\/\/mathematicum.univ-pau.fr\/site\/wp-json\/wp\/v2\/comments?post=710"}],"version-history":[{"count":3,"href":"https:\/\/mathematicum.univ-pau.fr\/site\/wp-json\/wp\/v2\/posts\/710\/revisions"}],"predecessor-version":[{"id":722,"href":"https:\/\/mathematicum.univ-pau.fr\/site\/wp-json\/wp\/v2\/posts\/710\/revisions\/722"}],"wp:attachment":[{"href":"https:\/\/mathematicum.univ-pau.fr\/site\/wp-json\/wp\/v2\/media?parent=710"}],"wp:term":[{"taxonomy":"category","embeddable":true,"href":"https:\/\/mathematicum.univ-pau.fr\/site\/wp-json\/wp\/v2\/categories?post=710"},{"taxonomy":"post_tag","embeddable":true,"href":"https:\/\/mathematicum.univ-pau.fr\/site\/wp-json\/wp\/v2\/tags?post=710"}],"curies":[{"name":"wp","href":"https:\/\/api.w.org\/{rel}","templated":true}]}}