{"id":708,"date":"2016-09-29T13:00:05","date_gmt":"2016-09-29T11:00:05","guid":{"rendered":"http:\/\/mathematicum.univ-pau.fr\/site\/?p=708"},"modified":"2025-12-01T21:10:15","modified_gmt":"2025-12-01T20:10:15","slug":"mej-2017-lycee-jules-supervielle-doloron-ste-marie","status":"publish","type":"post","link":"https:\/\/mathematicum.univ-pau.fr\/site\/mej-2017-lycee-jules-supervielle-doloron-ste-marie\/","title":{"rendered":"MeJ 2017- Lyc\u00e9e Jules Supervielle d&rsquo;Oloron Ste-Marie"},"content":{"rendered":"<p><img loading=\"lazy\" decoding=\"async\" class=\"alignright  wp-image-167\" src=\"http:\/\/mathematicum.univ-pau.fr\/site\/wp-content\/uploads\/2015\/12\/mej-300x192.jpg\" alt=\"MATh.en.JEANS\" width=\"170\" height=\"109\" srcset=\"https:\/\/mathematicum.univ-pau.fr\/site\/wp-content\/uploads\/2015\/12\/mej-300x192.jpg 300w, https:\/\/mathematicum.univ-pau.fr\/site\/wp-content\/uploads\/2015\/12\/mej.jpg 338w\" sizes=\"auto, (max-width: 170px) 100vw, 170px\" \/>R\u00e9union de pr\u00e9sentation des sujets pour MEJ 2017 au Lyc\u00e9e Jules Supervielle d&rsquo;Oloron-Sainte-Marie avec Christelle Sjollema.<\/p>\n<p>Les th\u00e8mes retenus sont :<\/p>\n<ul>\n<li>Morphogen\u00e8se : comment la nature s\u00e9lectionne certaines formes. Le cas des alv\u00e9oles dans les ruches des abeilles.<\/li>\n<li>D\u00e9coder le vivant : lecture de l&rsquo;ADN et rep\u00e9rage des g\u00e8nes.<\/li>\n<\/ul>\n<p>Le travail va commencer en collaboration avec le Lyc\u00e9e Jacques Monod de Lescar.<\/p>\n","protected":false},"excerpt":{"rendered":"<p>R\u00e9union de pr\u00e9sentation des sujets pour MEJ 2017 au Lyc\u00e9e Jules Supervielle d&rsquo;Oloron-Sainte-Marie avec Christelle Sjollema. Les th\u00e8mes retenus sont : Morphogen\u00e8se : comment la nature s\u00e9lectionne certaines formes. Le cas des alv\u00e9oles dans les ruches des abeilles. D\u00e9coder le vivant : lecture de l&rsquo;ADN et rep\u00e9rage des g\u00e8nes. Le travail va commencer en collaboration [&hellip;]<\/p>\n","protected":false},"author":3,"featured_media":0,"comment_status":"closed","ping_status":"closed","sticky":false,"template":"","format":"standard","meta":{"_acf_changed":false,"footnotes":""},"categories":[8,37],"tags":[58],"class_list":["post-708","post","type-post","status-publish","format-standard","hentry","category-ateliers","category-toutes-categories","tag-math-en-jeans"],"acf":[],"_links":{"self":[{"href":"https:\/\/mathematicum.univ-pau.fr\/site\/wp-json\/wp\/v2\/posts\/708","targetHints":{"allow":["GET"]}}],"collection":[{"href":"https:\/\/mathematicum.univ-pau.fr\/site\/wp-json\/wp\/v2\/posts"}],"about":[{"href":"https:\/\/mathematicum.univ-pau.fr\/site\/wp-json\/wp\/v2\/types\/post"}],"author":[{"embeddable":true,"href":"https:\/\/mathematicum.univ-pau.fr\/site\/wp-json\/wp\/v2\/users\/3"}],"replies":[{"embeddable":true,"href":"https:\/\/mathematicum.univ-pau.fr\/site\/wp-json\/wp\/v2\/comments?post=708"}],"version-history":[{"count":2,"href":"https:\/\/mathematicum.univ-pau.fr\/site\/wp-json\/wp\/v2\/posts\/708\/revisions"}],"predecessor-version":[{"id":721,"href":"https:\/\/mathematicum.univ-pau.fr\/site\/wp-json\/wp\/v2\/posts\/708\/revisions\/721"}],"wp:attachment":[{"href":"https:\/\/mathematicum.univ-pau.fr\/site\/wp-json\/wp\/v2\/media?parent=708"}],"wp:term":[{"taxonomy":"category","embeddable":true,"href":"https:\/\/mathematicum.univ-pau.fr\/site\/wp-json\/wp\/v2\/categories?post=708"},{"taxonomy":"post_tag","embeddable":true,"href":"https:\/\/mathematicum.univ-pau.fr\/site\/wp-json\/wp\/v2\/tags?post=708"}],"curies":[{"name":"wp","href":"https:\/\/api.w.org\/{rel}","templated":true}]}}