{"id":681,"date":"2016-05-19T22:00:33","date_gmt":"2016-05-19T20:00:33","guid":{"rendered":"http:\/\/mathematicum.univ-pau.fr\/site\/?p=681"},"modified":"2025-12-01T21:11:09","modified_gmt":"2025-12-01T20:11:09","slug":"ateliers-polyedres-et-formes-minimales-lycee-albert-camus-de-mourenx","status":"publish","type":"post","link":"https:\/\/mathematicum.univ-pau.fr\/site\/ateliers-polyedres-et-formes-minimales-lycee-albert-camus-de-mourenx\/","title":{"rendered":"Ateliers poly\u00e8dres et formes minimales &#8211; Lyc\u00e9e Albert Camus de Mourenx"},"content":{"rendered":"<p style=\"text-align: justify;\">Deux ateliers en parall\u00e8le au Lyc\u00e9e Albert Camus de Mourenx dans la classe de 1S de Md V\u00e9ronique Pradoux, Professeure de Physique-Chimie. Les ateliers \u00e9taient encadr\u00e9s par Jacky Cresson et Jordy Palafox. Un expos\u00e9 g\u00e9n\u00e9ral sur les math\u00e9matiques, suivi d&rsquo;une discussion avec les \u00e9l\u00e8ves pr\u00e9c\u00e9dait les ateliers.<\/p>\n","protected":false},"excerpt":{"rendered":"<p>Deux ateliers en parall\u00e8le au Lyc\u00e9e Albert Camus de Mourenx dans la classe de 1S de Md V\u00e9ronique Pradoux, Professeure de Physique-Chimie. Les ateliers \u00e9taient encadr\u00e9s par Jacky Cresson et Jordy Palafox. Un expos\u00e9 g\u00e9n\u00e9ral sur les math\u00e9matiques, suivi d&rsquo;une discussion avec les \u00e9l\u00e8ves pr\u00e9c\u00e9dait les ateliers.<\/p>\n","protected":false},"author":3,"featured_media":0,"comment_status":"closed","ping_status":"closed","sticky":false,"template":"","format":"standard","meta":{"_acf_changed":false,"footnotes":""},"categories":[8,33,9,37],"tags":[],"class_list":["post-681","post","type-post","status-publish","format-standard","hentry","category-ateliers","category-discussion","category-exposes","category-toutes-categories"],"acf":[],"_links":{"self":[{"href":"https:\/\/mathematicum.univ-pau.fr\/site\/wp-json\/wp\/v2\/posts\/681","targetHints":{"allow":["GET"]}}],"collection":[{"href":"https:\/\/mathematicum.univ-pau.fr\/site\/wp-json\/wp\/v2\/posts"}],"about":[{"href":"https:\/\/mathematicum.univ-pau.fr\/site\/wp-json\/wp\/v2\/types\/post"}],"author":[{"embeddable":true,"href":"https:\/\/mathematicum.univ-pau.fr\/site\/wp-json\/wp\/v2\/users\/3"}],"replies":[{"embeddable":true,"href":"https:\/\/mathematicum.univ-pau.fr\/site\/wp-json\/wp\/v2\/comments?post=681"}],"version-history":[{"count":1,"href":"https:\/\/mathematicum.univ-pau.fr\/site\/wp-json\/wp\/v2\/posts\/681\/revisions"}],"predecessor-version":[{"id":682,"href":"https:\/\/mathematicum.univ-pau.fr\/site\/wp-json\/wp\/v2\/posts\/681\/revisions\/682"}],"wp:attachment":[{"href":"https:\/\/mathematicum.univ-pau.fr\/site\/wp-json\/wp\/v2\/media?parent=681"}],"wp:term":[{"taxonomy":"category","embeddable":true,"href":"https:\/\/mathematicum.univ-pau.fr\/site\/wp-json\/wp\/v2\/categories?post=681"},{"taxonomy":"post_tag","embeddable":true,"href":"https:\/\/mathematicum.univ-pau.fr\/site\/wp-json\/wp\/v2\/tags?post=681"}],"curies":[{"name":"wp","href":"https:\/\/api.w.org\/{rel}","templated":true}]}}