{"id":332,"date":"2016-04-14T12:30:11","date_gmt":"2016-04-14T10:30:11","guid":{"rendered":"http:\/\/mathematicum.univ-pau.fr\/site\/?p=332"},"modified":"2025-12-01T21:11:23","modified_gmt":"2025-12-01T20:11:23","slug":"modelisation-mathematiques-du-climat-aux-epidemies","status":"publish","type":"post","link":"https:\/\/mathematicum.univ-pau.fr\/site\/modelisation-mathematiques-du-climat-aux-epidemies\/","title":{"rendered":"Mod\u00e9lisation et Math\u00e9matiques : du climat aux \u00e9pid\u00e9mies"},"content":{"rendered":"<p>Discussion avec\u00a0Jacky Cresson, professeur de math\u00e9matiques \u00e0 l&rsquo;UPPA.<\/p>\n<p>Jeudi 14\u00a0avril 2016, 12h30 \u00e0 13h30<\/p>\n<p>M\u00e9diath\u00e8que Andr\u00e9 Labarr\u00e8re, Pau<\/p>\n<p>Tout public.<\/p>\n<p><em>\u00ab Les math\u00e9matiques interviennent de plus en plus dans nos soci\u00e9t\u00e9s. Elles le font de plusieurs mani\u00e8res et nous allons discuter ici de l\u2019une d\u2019elle, \u00e0 savoir la possibilit\u00e9 de cr\u00e9er des mod\u00e8les et de les utiliser pour faire des pr\u00e9visions. C\u2019est le cas du climat, des \u00e9pid\u00e9mies, de certaines maladies, etc. Dans cet expos\u00e9, je donnerai quelques exemples de mod\u00e9lisations en astronomie, en climatologie et \u00e9pid\u00e9miologie. J\u2019indiquerai en particulier les probl\u00e8mes fondamentaux associ\u00e9s \u00e0 la mod\u00e9lisation d\u2019un ph\u00e9nom\u00e8ne et l\u2019utilisation des r\u00e9sultats qui en d\u00e9coulent. \u00bb J. Cresson.<\/em><\/p>\n","protected":false},"excerpt":{"rendered":"<p>Discussion avec\u00a0Jacky Cresson, professeur de math\u00e9matiques \u00e0 l&rsquo;UPPA. Jeudi 14\u00a0avril 2016, 12h30 \u00e0 13h30 M\u00e9diath\u00e8que Andr\u00e9 Labarr\u00e8re, Pau Tout public. \u00ab Les math\u00e9matiques interviennent de plus en plus dans nos soci\u00e9t\u00e9s. Elles le font de plusieurs mani\u00e8res et nous allons discuter ici de l\u2019une d\u2019elle, \u00e0 savoir la possibilit\u00e9 de cr\u00e9er des mod\u00e8les et de [&hellip;]<\/p>\n","protected":false},"author":1,"featured_media":0,"comment_status":"closed","ping_status":"closed","sticky":false,"template":"","format":"standard","meta":{"_acf_changed":false,"footnotes":""},"categories":[15,33,37],"tags":[51,49,42],"class_list":["post-332","post","type-post","status-publish","format-standard","hentry","category-cafe-des-sciences","category-discussion","category-toutes-categories","tag-climatologie","tag-epidemie","tag-modelisation"],"acf":[],"_links":{"self":[{"href":"https:\/\/mathematicum.univ-pau.fr\/site\/wp-json\/wp\/v2\/posts\/332","targetHints":{"allow":["GET"]}}],"collection":[{"href":"https:\/\/mathematicum.univ-pau.fr\/site\/wp-json\/wp\/v2\/posts"}],"about":[{"href":"https:\/\/mathematicum.univ-pau.fr\/site\/wp-json\/wp\/v2\/types\/post"}],"author":[{"embeddable":true,"href":"https:\/\/mathematicum.univ-pau.fr\/site\/wp-json\/wp\/v2\/users\/1"}],"replies":[{"embeddable":true,"href":"https:\/\/mathematicum.univ-pau.fr\/site\/wp-json\/wp\/v2\/comments?post=332"}],"version-history":[{"count":6,"href":"https:\/\/mathematicum.univ-pau.fr\/site\/wp-json\/wp\/v2\/posts\/332\/revisions"}],"predecessor-version":[{"id":546,"href":"https:\/\/mathematicum.univ-pau.fr\/site\/wp-json\/wp\/v2\/posts\/332\/revisions\/546"}],"wp:attachment":[{"href":"https:\/\/mathematicum.univ-pau.fr\/site\/wp-json\/wp\/v2\/media?parent=332"}],"wp:term":[{"taxonomy":"category","embeddable":true,"href":"https:\/\/mathematicum.univ-pau.fr\/site\/wp-json\/wp\/v2\/categories?post=332"},{"taxonomy":"post_tag","embeddable":true,"href":"https:\/\/mathematicum.univ-pau.fr\/site\/wp-json\/wp\/v2\/tags?post=332"}],"curies":[{"name":"wp","href":"https:\/\/api.w.org\/{rel}","templated":true}]}}