{"id":1879,"date":"2024-12-10T09:00:09","date_gmt":"2024-12-10T08:00:09","guid":{"rendered":"https:\/\/mathematicum.univ-pau.fr\/site\/?p=1879"},"modified":"2025-12-01T21:00:34","modified_gmt":"2025-12-01T20:00:34","slug":"journee-filles-et-maths-2024","status":"publish","type":"post","link":"https:\/\/mathematicum.univ-pau.fr\/site\/journee-filles-et-maths-2024\/","title":{"rendered":"Journ\u00e9e Filles et Maths 2024"},"content":{"rendered":"<p><a href=\"https:\/\/mathematicum.univ-pau.fr\/site\/wp-content\/uploads\/2024\/11\/Affiche-Filles-et-Maths-2024.jpg\"><img loading=\"lazy\" decoding=\"async\" class=\" wp-image-1881 alignright\" src=\"https:\/\/mathematicum.univ-pau.fr\/site\/wp-content\/uploads\/2024\/11\/Affiche-Filles-et-Maths-2024-724x1024.jpg\" alt=\"\" width=\"400\" height=\"566\" srcset=\"https:\/\/mathematicum.univ-pau.fr\/site\/wp-content\/uploads\/2024\/11\/Affiche-Filles-et-Maths-2024-724x1024.jpg 724w, https:\/\/mathematicum.univ-pau.fr\/site\/wp-content\/uploads\/2024\/11\/Affiche-Filles-et-Maths-2024-212x300.jpg 212w, https:\/\/mathematicum.univ-pau.fr\/site\/wp-content\/uploads\/2024\/11\/Affiche-Filles-et-Maths-2024-106x150.jpg 106w, https:\/\/mathematicum.univ-pau.fr\/site\/wp-content\/uploads\/2024\/11\/Affiche-Filles-et-Maths-2024-1087x1536.jpg 1087w, https:\/\/mathematicum.univ-pau.fr\/site\/wp-content\/uploads\/2024\/11\/Affiche-Filles-et-Maths-2024-624x882.jpg 624w, https:\/\/mathematicum.univ-pau.fr\/site\/wp-content\/uploads\/2024\/11\/Affiche-Filles-et-Maths-2024.jpg 1240w\" sizes=\"auto, (max-width: 400px) 100vw, 400px\" \/><\/a>La 6\u00e8me \u00e9dition de la journ\u00e9e \u00ab <a class=\"external\" href=\"https:\/\/filles-et-maths.fr\/\" target=\"_blank\" rel=\"noopener\">Filles et Maths<\/a> \u00bb aura lieu le mardi 10 d\u00e9cembre 2024 \u00e0 l&rsquo;Universit\u00e9 de Pau et des Pays de l&rsquo;Adour, sur le campus de Pau. Organis\u00e9e le <a class=\"simple\" href=\"https:\/\/lma-umr5142.univ-pau.fr\/fr\/index.html\">Laboratoire de Math\u00e9matiques et de leurs Applications (LMAP)<\/a> de l&rsquo;UPPA, en partenariat avec l\u2019<a class=\"external\" href=\"https:\/\/www.ac-bordeaux.fr\/\" target=\"_blank\" rel=\"noopener\">acad\u00e9mie de Bordeaux<\/a> et les associations <em>Femmes et math\u00e9matiques<\/em> et <a class=\"external\" href=\"https:\/\/www.animath.fr\/\" target=\"_blank\" rel=\"noopener\"><em>Animath<\/em><\/a>, cette journ\u00e9e a pour objectif d\u2019encourager les filles \u00e0 s\u2019orienter vers des \u00e9tudes scientifiques et techniques<strong>.<\/strong><!--more--><\/p>\n<h3>Le programme d\u00e9taill\u00e9 du 10 d\u00e9cembre 2020<\/h3>\n<p><a href=\"https:\/\/mathematicum.univ-pau.fr\/site\/wp-content\/uploads\/2024\/11\/Programme.pdf\">Programme Journ\u00e9e Filles &amp; Maths 2024<\/a><\/p>\n<p>Contact : Daniela Capatina, Fabien Caubet<\/p>\n","protected":false},"excerpt":{"rendered":"<p>La 6\u00e8me \u00e9dition de la journ\u00e9e \u00ab Filles et Maths \u00bb aura lieu le mardi 10 d\u00e9cembre 2024 \u00e0 l&rsquo;Universit\u00e9 de Pau et des Pays de l&rsquo;Adour, sur le campus de Pau. Organis\u00e9e le Laboratoire de Math\u00e9matiques et de leurs Applications (LMAP) de l&rsquo;UPPA, en partenariat avec l\u2019acad\u00e9mie de Bordeaux et les associations Femmes et [&hellip;]<\/p>\n","protected":false},"author":1,"featured_media":0,"comment_status":"closed","ping_status":"closed","sticky":false,"template":"","format":"standard","meta":{"_acf_changed":false,"footnotes":""},"categories":[33,9,37],"tags":[91],"class_list":["post-1879","post","type-post","status-publish","format-standard","hentry","category-discussion","category-exposes","category-toutes-categories","tag-filles-maths"],"acf":[],"_links":{"self":[{"href":"https:\/\/mathematicum.univ-pau.fr\/site\/wp-json\/wp\/v2\/posts\/1879","targetHints":{"allow":["GET"]}}],"collection":[{"href":"https:\/\/mathematicum.univ-pau.fr\/site\/wp-json\/wp\/v2\/posts"}],"about":[{"href":"https:\/\/mathematicum.univ-pau.fr\/site\/wp-json\/wp\/v2\/types\/post"}],"author":[{"embeddable":true,"href":"https:\/\/mathematicum.univ-pau.fr\/site\/wp-json\/wp\/v2\/users\/1"}],"replies":[{"embeddable":true,"href":"https:\/\/mathematicum.univ-pau.fr\/site\/wp-json\/wp\/v2\/comments?post=1879"}],"version-history":[{"count":2,"href":"https:\/\/mathematicum.univ-pau.fr\/site\/wp-json\/wp\/v2\/posts\/1879\/revisions"}],"predecessor-version":[{"id":1883,"href":"https:\/\/mathematicum.univ-pau.fr\/site\/wp-json\/wp\/v2\/posts\/1879\/revisions\/1883"}],"wp:attachment":[{"href":"https:\/\/mathematicum.univ-pau.fr\/site\/wp-json\/wp\/v2\/media?parent=1879"}],"wp:term":[{"taxonomy":"category","embeddable":true,"href":"https:\/\/mathematicum.univ-pau.fr\/site\/wp-json\/wp\/v2\/categories?post=1879"},{"taxonomy":"post_tag","embeddable":true,"href":"https:\/\/mathematicum.univ-pau.fr\/site\/wp-json\/wp\/v2\/tags?post=1879"}],"curies":[{"name":"wp","href":"https:\/\/api.w.org\/{rel}","templated":true}]}}