{"id":1442,"date":"2020-01-16T09:00:13","date_gmt":"2020-01-16T08:00:13","guid":{"rendered":"https:\/\/mathematicum.univ-pau.fr\/site\/?p=1442"},"modified":"2025-12-01T21:01:13","modified_gmt":"2025-12-01T20:01:13","slug":"journee-filles-et-maths-2020","status":"publish","type":"post","link":"https:\/\/mathematicum.univ-pau.fr\/site\/journee-filles-et-maths-2020\/","title":{"rendered":"Journ\u00e9e Filles et Maths 2020"},"content":{"rendered":"<p><img loading=\"lazy\" decoding=\"async\" class=\"alignright size-full wp-image-1212\" src=\"https:\/\/mathematicum.univ-pau.fr\/site\/wp-content\/uploads\/2018\/05\/Banniere-filletmaths-1.jpg\" alt=\"\" width=\"768\" height=\"270\" srcset=\"https:\/\/mathematicum.univ-pau.fr\/site\/wp-content\/uploads\/2018\/05\/Banniere-filletmaths-1.jpg 768w, https:\/\/mathematicum.univ-pau.fr\/site\/wp-content\/uploads\/2018\/05\/Banniere-filletmaths-1-150x53.jpg 150w, https:\/\/mathematicum.univ-pau.fr\/site\/wp-content\/uploads\/2018\/05\/Banniere-filletmaths-1-300x105.jpg 300w, https:\/\/mathematicum.univ-pau.fr\/site\/wp-content\/uploads\/2018\/05\/Banniere-filletmaths-1-624x219.jpg 624w\" sizes=\"auto, (max-width: 768px) 100vw, 768px\" \/>Le <strong>jeudi 16 janvier 2020<\/strong> aura lieu une journ\u00e9e <em>Filles et maths: une \u00e9quation lumineuse<\/em> pour 80 lyc\u00e9ennes de 2de et de 1re des Pyr\u00e9n\u00e9es-Atlantiques. Son but est d\u2019encourager les filles \u00e0 s\u2019orienter vers des \u00e9tudes de math\u00e9matiques et plus g\u00e9n\u00e9ralement des \u00e9tudes scientifiques et techniques.<!--more--><\/p>\n<p>La journ\u00e9e est organis\u00e9e par l\u2019<strong>Universit\u00e9 de Pau et des Pays de l\u2019Adour<\/strong> (via le Laboratoire de Math\u00e9matiques et leurs Applications, UMR CNRS 5142 et le Mathematicum), en partenariat avec l<strong>\u2019acad\u00e9mie de Bordeaux<\/strong> et les associations <a href=\"http:\/\/www.femmes-et-maths.fr\/\" target=\"_blank\" rel=\"noopener noreferrer\" data-slimstat=\"5\">Femmes et math\u00e9matiques<\/a> et <a href=\"http:\/\/www.animath.fr\/\" target=\"_blank\" rel=\"noopener noreferrer\" data-slimstat=\"5\">Animath<\/a>.<\/p>\n<p><strong>Conf\u00e9rence \u00ab\u00a0Des math\u00e9matiques au service du vivant : du num\u00e9rique pour \u00e9tudier le cerveau\u00a0\u00bb de <a href=\"https:\/\/salmon.perso.math.cnrs.fr\/\" target=\"_blank\" rel=\"noopener noreferrer\">St\u00e9phanie Salmon<\/a><br \/>\n<\/strong><\/p>\n<div id=\"attachment_1443\" style=\"width: 148px\" class=\"wp-caption alignright\"><img loading=\"lazy\" decoding=\"async\" aria-describedby=\"caption-attachment-1443\" class=\"size-thumbnail wp-image-1443\" src=\"https:\/\/mathematicum.univ-pau.fr\/site\/wp-content\/uploads\/2019\/10\/st_salmon-138x150.jpg\" alt=\"\" width=\"138\" height=\"150\" srcset=\"https:\/\/mathematicum.univ-pau.fr\/site\/wp-content\/uploads\/2019\/10\/st_salmon-138x150.jpg 138w, https:\/\/mathematicum.univ-pau.fr\/site\/wp-content\/uploads\/2019\/10\/st_salmon.jpg 236w\" sizes=\"auto, (max-width: 138px) 100vw, 138px\" \/><p id=\"caption-attachment-1443\" class=\"wp-caption-text\"><a href=\"https:\/\/salmon.perso.math.cnrs.fr\/\" target=\"_blank\" rel=\"noopener noreferrer\">St\u00e9phanie Salmon<\/a><\/p><\/div>\n<p style=\"text-align: justify;\"><em>Les simulations num\u00e9riques font d\u00e9sormais partie des outils tr\u00e8s utilis\u00e9s pour essayer de comprendre le vivant. Elles donnent acc\u00e8s \u00e0 des informations impossibles \u00e0 obtenir <\/em>in vivo<em> ou de mani\u00e8re non invasive chez l&rsquo;homme.<br \/>\nDans cet expos\u00e9, nous pr\u00e9sentons des mod\u00e8les et des simulations num\u00e9riques visant \u00e0 \u00e9tudier diff\u00e9rents aspects du fonctionnement du cerveau.<br \/>\nEn premier lieu, nous simulons les \u00e9coulements sanguins dans les r\u00e9seaux art\u00e9riels et veineux c\u00e9r\u00e9braux, \u00e0 une \u00e9chelle macroscopique. Puis, nous nous int\u00e9ressons \u00e0 une mod\u00e9lisation num\u00e9rique du syst\u00e8me c\u00e9r\u00e9bro-spinal. Plus particuli\u00e8rement, nous consid\u00e9rons la pression intra-cr\u00e2nienne, qui constitue un param\u00e8tre vital assurant le bon fonctionnement de notre cerveau. Il n&rsquo;existe, \u00e0 ce jour, aucun moyen non invasif de mesurer cette pression intra-cr\u00e2nienne. Nous cherchons donc \u00e0 obtenir des informations sur cette pression \u00e0 l&rsquo;aide de mesures de flux et d&rsquo;un mod\u00e8le num\u00e9rique des \u00e9coulements de liquide c\u00e9r\u00e9bro-spinal et de son interaction avec les \u00e9coulements sanguins.<\/em><\/p>\n<p><strong>Documents en t\u00e9l\u00e9chargement :<\/strong><\/p>\n<ul>\n<li><a href=\"https:\/\/mathematicum.univ-pau.fr\/site\/wp-content\/uploads\/2019\/10\/affiche-pau.pdf\">Filles et Maths Pau 2020 &#8211; Affiche<\/a><\/li>\n<li><a href=\"https:\/\/mathematicum.univ-pau.fr\/site\/wp-content\/uploads\/2019\/10\/Filles-et-Maths-Pau-Convention-de-stage.pdf\">Filles et Maths Pau 2020 &#8211; Convention de stage<\/a><\/li>\n<li><a href=\"https:\/\/mathematicum.univ-pau.fr\/site\/wp-content\/uploads\/2020\/01\/Programme-16janvier2020.pdf\">Filles et Maths Pau 2020 &#8211; Programme<\/a><\/li>\n<\/ul>\n<p>Reportage vid\u00e9o sur la <a href=\"https:\/\/mathematicum.univ-pau.fr\/site\/filles-et-maths-une-equation-lumineuse\/\">Journ\u00e9e Filles et Maths de 2018<\/a> :<\/p>\n<p><iframe loading=\"lazy\" src=\"https:\/\/www.youtube.com\/embed\/_Lw1ASZvvyg\" width=\"560\" height=\"315\" frameborder=\"0\" allowfullscreen=\"allowfullscreen\"><\/iframe><\/p>\n","protected":false},"excerpt":{"rendered":"<p>Le jeudi 16 janvier 2020 aura lieu une journ\u00e9e Filles et maths: une \u00e9quation lumineuse pour 80 lyc\u00e9ennes de 2de et de 1re des Pyr\u00e9n\u00e9es-Atlantiques. Son but est d\u2019encourager les filles \u00e0 s\u2019orienter vers des \u00e9tudes de math\u00e9matiques et plus g\u00e9n\u00e9ralement des \u00e9tudes scientifiques et techniques.<\/p>\n","protected":false},"author":1,"featured_media":0,"comment_status":"closed","ping_status":"closed","sticky":false,"template":"","format":"standard","meta":{"_acf_changed":false,"footnotes":""},"categories":[33,9,37],"tags":[91],"class_list":["post-1442","post","type-post","status-publish","format-standard","hentry","category-discussion","category-exposes","category-toutes-categories","tag-filles-maths"],"acf":[],"_links":{"self":[{"href":"https:\/\/mathematicum.univ-pau.fr\/site\/wp-json\/wp\/v2\/posts\/1442","targetHints":{"allow":["GET"]}}],"collection":[{"href":"https:\/\/mathematicum.univ-pau.fr\/site\/wp-json\/wp\/v2\/posts"}],"about":[{"href":"https:\/\/mathematicum.univ-pau.fr\/site\/wp-json\/wp\/v2\/types\/post"}],"author":[{"embeddable":true,"href":"https:\/\/mathematicum.univ-pau.fr\/site\/wp-json\/wp\/v2\/users\/1"}],"replies":[{"embeddable":true,"href":"https:\/\/mathematicum.univ-pau.fr\/site\/wp-json\/wp\/v2\/comments?post=1442"}],"version-history":[{"count":9,"href":"https:\/\/mathematicum.univ-pau.fr\/site\/wp-json\/wp\/v2\/posts\/1442\/revisions"}],"predecessor-version":[{"id":1473,"href":"https:\/\/mathematicum.univ-pau.fr\/site\/wp-json\/wp\/v2\/posts\/1442\/revisions\/1473"}],"wp:attachment":[{"href":"https:\/\/mathematicum.univ-pau.fr\/site\/wp-json\/wp\/v2\/media?parent=1442"}],"wp:term":[{"taxonomy":"category","embeddable":true,"href":"https:\/\/mathematicum.univ-pau.fr\/site\/wp-json\/wp\/v2\/categories?post=1442"},{"taxonomy":"post_tag","embeddable":true,"href":"https:\/\/mathematicum.univ-pau.fr\/site\/wp-json\/wp\/v2\/tags?post=1442"}],"curies":[{"name":"wp","href":"https:\/\/api.w.org\/{rel}","templated":true}]}}