{"id":1336,"date":"2019-01-29T13:30:08","date_gmt":"2019-01-29T12:30:08","guid":{"rendered":"https:\/\/mathematicum.univ-pau.fr\/site\/?p=1336"},"modified":"2025-12-01T21:01:36","modified_gmt":"2025-12-01T20:01:36","slug":"projet-math-en-jeans-college-victor-duruy-lycee-victor-duruy-college-cel-le-gaucher-et-college-jean-rostand-de-mont-de-marsan","status":"publish","type":"post","link":"https:\/\/mathematicum.univ-pau.fr\/site\/projet-math-en-jeans-college-victor-duruy-lycee-victor-duruy-college-cel-le-gaucher-et-college-jean-rostand-de-mont-de-marsan\/","title":{"rendered":"Projet MATh.en.JEANS &#8211; Coll\u00e8ge Victor Duruy, Lyc\u00e9e Victor Duruy, Coll\u00e8ge Cel le gaucher et Coll\u00e8ge Jean Rostand de Mont-de-Marsan"},"content":{"rendered":"<p style=\"text-align: justify;\">Deuxi\u00e8me r\u00e9union du projet MATh.en.JEANS sur Mont-de-Marsan avec les coll\u00e8ges Victor Duruy, Cel le Gaucher et Jean Rostand ainsi que le lyc\u00e9e Victor Duruy sur le th\u00e8me du \u00ab\u00a0one-cut theorem\u00a0\u00bb. Les \u00e9l\u00e8ves vont faire une premi\u00e8re pr\u00e9sentation de leur travail.<\/p>\n<p>Les encadrants sont:<\/p>\n<ul>\n<li>Celine Albouy, Coll\u00e8ge Jean Rostand<\/li>\n<li>S\u00e9bastien Albouy, Coll\u00e8ge Victor Duruy<\/li>\n<li>Sandrine Monturon et Sophie Boulery, Coll\u00e8ge Cel le Gaucher<\/li>\n<li>Romain Labastarde, Lyc\u00e9e Victor Duruy<\/li>\n<\/ul>\n<p>Chercheur : Jacky Cresson, UPPA<\/p>\n","protected":false},"excerpt":{"rendered":"<p>Deuxi\u00e8me r\u00e9union du projet MATh.en.JEANS sur Mont-de-Marsan avec les coll\u00e8ges Victor Duruy, Cel le Gaucher et Jean Rostand ainsi que le lyc\u00e9e Victor Duruy sur le th\u00e8me du \u00ab\u00a0one-cut theorem\u00a0\u00bb. Les \u00e9l\u00e8ves vont faire une premi\u00e8re pr\u00e9sentation de leur travail. Les encadrants sont: Celine Albouy, Coll\u00e8ge Jean Rostand S\u00e9bastien Albouy, Coll\u00e8ge Victor Duruy Sandrine Monturon [&hellip;]<\/p>\n","protected":false},"author":3,"featured_media":0,"comment_status":"closed","ping_status":"closed","sticky":false,"template":"","format":"standard","meta":{"_acf_changed":false,"footnotes":""},"categories":[8,37],"tags":[58],"class_list":["post-1336","post","type-post","status-publish","format-standard","hentry","category-ateliers","category-toutes-categories","tag-math-en-jeans"],"acf":[],"_links":{"self":[{"href":"https:\/\/mathematicum.univ-pau.fr\/site\/wp-json\/wp\/v2\/posts\/1336","targetHints":{"allow":["GET"]}}],"collection":[{"href":"https:\/\/mathematicum.univ-pau.fr\/site\/wp-json\/wp\/v2\/posts"}],"about":[{"href":"https:\/\/mathematicum.univ-pau.fr\/site\/wp-json\/wp\/v2\/types\/post"}],"author":[{"embeddable":true,"href":"https:\/\/mathematicum.univ-pau.fr\/site\/wp-json\/wp\/v2\/users\/3"}],"replies":[{"embeddable":true,"href":"https:\/\/mathematicum.univ-pau.fr\/site\/wp-json\/wp\/v2\/comments?post=1336"}],"version-history":[{"count":3,"href":"https:\/\/mathematicum.univ-pau.fr\/site\/wp-json\/wp\/v2\/posts\/1336\/revisions"}],"predecessor-version":[{"id":1363,"href":"https:\/\/mathematicum.univ-pau.fr\/site\/wp-json\/wp\/v2\/posts\/1336\/revisions\/1363"}],"wp:attachment":[{"href":"https:\/\/mathematicum.univ-pau.fr\/site\/wp-json\/wp\/v2\/media?parent=1336"}],"wp:term":[{"taxonomy":"category","embeddable":true,"href":"https:\/\/mathematicum.univ-pau.fr\/site\/wp-json\/wp\/v2\/categories?post=1336"},{"taxonomy":"post_tag","embeddable":true,"href":"https:\/\/mathematicum.univ-pau.fr\/site\/wp-json\/wp\/v2\/tags?post=1336"}],"curies":[{"name":"wp","href":"https:\/\/api.w.org\/{rel}","templated":true}]}}