{"id":1259,"date":"2019-03-11T10:00:31","date_gmt":"2019-03-11T09:00:31","guid":{"rendered":"https:\/\/mathematicum.univ-pau.fr\/site\/?p=1259"},"modified":"2025-12-01T21:01:31","modified_gmt":"2025-12-01T20:01:31","slug":"semaine-des-mathematiques-2019","status":"publish","type":"post","link":"https:\/\/mathematicum.univ-pau.fr\/site\/semaine-des-mathematiques-2019\/","title":{"rendered":"Semaine des math\u00e9matiques &#8211; 2019"},"content":{"rendered":"<p><img loading=\"lazy\" decoding=\"async\" class=\"alignright  wp-image-1368\" src=\"https:\/\/mathematicum.univ-pau.fr\/site\/wp-content\/uploads\/2019\/03\/SDM-2019-Affiche.png\" alt=\"\" width=\"250\" height=\"368\" srcset=\"https:\/\/mathematicum.univ-pau.fr\/site\/wp-content\/uploads\/2019\/03\/SDM-2019-Affiche.png 600w, https:\/\/mathematicum.univ-pau.fr\/site\/wp-content\/uploads\/2019\/03\/SDM-2019-Affiche-102x150.png 102w, https:\/\/mathematicum.univ-pau.fr\/site\/wp-content\/uploads\/2019\/03\/SDM-2019-Affiche-204x300.png 204w\" sizes=\"auto, (max-width: 250px) 100vw, 250px\" \/>La <a href=\"https:\/\/ent2d.ac-bordeaux.fr\/disciplines\/semaine-des-maths\/presentation-de-la-semaine-des-mathematiques-2019\/\" target=\"_blank\" rel=\"noopener\">Semaine des math\u00e9matiques<\/a> se d\u00e9roulera\u00a0<b>du 11 au 17 mars 2019<\/b> dans de nombreuses villes. Des\u00a0activit\u00e9s pourront \u00eatre propos\u00e9es la semaine avant ou apr\u00e8s ces dates.<\/p>\n<p><a href=\"https:\/\/ent2d.ac-bordeaux.fr\/disciplines\/semaine-des-maths\/\" target=\"_blank\" rel=\"noopener\">Programme complet sur le site de l&rsquo;Acad\u00e9mie de Bordeaux<\/a><\/p>\n","protected":false},"excerpt":{"rendered":"<p>La Semaine des math\u00e9matiques se d\u00e9roulera\u00a0du 11 au 17 mars 2019 dans de nombreuses villes. Des\u00a0activit\u00e9s pourront \u00eatre propos\u00e9es la semaine avant ou apr\u00e8s ces dates. Programme complet sur le site de l&rsquo;Acad\u00e9mie de Bordeaux<\/p>\n","protected":false},"author":1,"featured_media":0,"comment_status":"closed","ping_status":"closed","sticky":false,"template":"","format":"standard","meta":{"_acf_changed":false,"footnotes":""},"categories":[8,15,9,11,62,37],"tags":[25],"class_list":["post-1259","post","type-post","status-publish","format-standard","hentry","category-ateliers","category-cafe-des-sciences","category-exposes","category-expositions","category-jeux","category-toutes-categories","tag-semaine-des-mathematiques"],"acf":[],"_links":{"self":[{"href":"https:\/\/mathematicum.univ-pau.fr\/site\/wp-json\/wp\/v2\/posts\/1259","targetHints":{"allow":["GET"]}}],"collection":[{"href":"https:\/\/mathematicum.univ-pau.fr\/site\/wp-json\/wp\/v2\/posts"}],"about":[{"href":"https:\/\/mathematicum.univ-pau.fr\/site\/wp-json\/wp\/v2\/types\/post"}],"author":[{"embeddable":true,"href":"https:\/\/mathematicum.univ-pau.fr\/site\/wp-json\/wp\/v2\/users\/1"}],"replies":[{"embeddable":true,"href":"https:\/\/mathematicum.univ-pau.fr\/site\/wp-json\/wp\/v2\/comments?post=1259"}],"version-history":[{"count":4,"href":"https:\/\/mathematicum.univ-pau.fr\/site\/wp-json\/wp\/v2\/posts\/1259\/revisions"}],"predecessor-version":[{"id":1370,"href":"https:\/\/mathematicum.univ-pau.fr\/site\/wp-json\/wp\/v2\/posts\/1259\/revisions\/1370"}],"wp:attachment":[{"href":"https:\/\/mathematicum.univ-pau.fr\/site\/wp-json\/wp\/v2\/media?parent=1259"}],"wp:term":[{"taxonomy":"category","embeddable":true,"href":"https:\/\/mathematicum.univ-pau.fr\/site\/wp-json\/wp\/v2\/categories?post=1259"},{"taxonomy":"post_tag","embeddable":true,"href":"https:\/\/mathematicum.univ-pau.fr\/site\/wp-json\/wp\/v2\/tags?post=1259"}],"curies":[{"name":"wp","href":"https:\/\/api.w.org\/{rel}","templated":true}]}}